{"id":358,"date":"2009-06-27T14:26:09","date_gmt":"2009-06-27T12:26:09","guid":{"rendered":"http:\/\/middleeastmessenger.christina-schlegl.de\/?p=358"},"modified":"2017-12-28T19:21:07","modified_gmt":"2017-12-28T17:21:07","slug":"desertec-soll-unsere-energieprobleme-losen","status":"publish","type":"post","link":"https:\/\/www.christinaschlegl.de\/en\/kategorien\/kultur\/desertec-soll-unsere-energieprobleme-losen","title":{"rendered":"Desertec soll unsere Energieprobleme l\u00f6sen"},"content":{"rendered":"<p>Das ist wirklich neu: Hilfe aus W\u00fcste. Umwelt- und klimafreundlich soll sie sein und im Gegensatz zum \u00d6lsegen unendlich.<\/p>\n<p>Ein Konsortium von 20 deutschen Firmen hat sich zur Realisierung eines Projekts zusammengeschlossen: <strong>Desertec<\/strong>, so der Name. Und es sind nicht irgendwelche Firmen, die mit Hilfe von Spiegelkraftwerke die Sonnenenergie Afrikas nach Europa bringen wollen. Darunter sind prominente Namen wie die Deutsche Bank, Siemens und RWE.<\/p>\n<p>Soweit so gut. Wirklich interessant wird es, wenn die Konkurrenz und die Presse gleich wieder mit dem Terrorargument winkt. Ist denn die Energieversorgung aus Russland sicher? Am Projekt beteiligt sollen L\u00e4nder wie Tunesien, Marokko, Lybien, Sudan, Algerien, \u00c4gypten, Pal\u00e4stina, Jordanien, Israel und Jemen sein. Liest sich zun\u00e4chst wie das Who-is-Who des Terrorismus. Gut, Saudi Arabien als vermeintliche Heimat von Bin Laden fehlt.<\/p>\n<p>Aber sehen wir uns diese L\u00e4nder einmal n\u00e4her an. Tunesien, Marokko, \u00c4gypten, Jordanien und neuerdings auch Lybien (nicht vergessen: der Oberst h\u00e4lt uns die armen Afrikaner vom Hals) sind als unkritisch zu betrachten. In Algerien hat sich die Lage weitestgehend beruhigt. Pal\u00e4stina und Israel stehen stehen unter amerikanischem Einfluss. Bleiben der Sudan und der Jemen. Zugegeben, zwei harte N\u00fcsse.<\/p>\n<p>Weiterf\u00fchrende Artikel:<\/p>\n<ul>\n<li><a href=\"http:\/\/www.spiegel.de\/wirtschaft\/0,1518,632272,00.html\">Solarenergie aus der W\u00fcste<\/a><\/li>\n<li><a href=\"http:\/\/www.spiegel.de\/wirtschaft\/0,1518,632377,00.html\">Merkel stellt EU-Geld f\u00fcr W\u00fcstenstrom-Projekt in Aussicht<\/a><\/li>\n<li><a href=\"http:\/\/www.spiegel.de\/wissenschaft\/mensch\/0,1518,630981,00.html\">Die Sonne \u00fcber der Sahara l\u00f6st das Energieproblem<\/a><\/li>\n<li><a href=\"http:\/\/www.spiegel.de\/wirtschaft\/0,1518,631699,00.html\">Vattenfall-Chef wettert gegen den Strom aus der Sahara<\/a><\/li>\n","protected":false},"excerpt":{"rendered":"<p>Das ist wirklich neu: Hilfe aus W\u00fcste. Umwelt- und klimafreundlich soll sie sein und im Gegensatz zum \u00d6lsegen unendlich. Ein Konsortium von 20 deutschen Firmen hat sich zur Realisierung eines Projekts zusammengeschlossen: Desertec, so der Name. Und es sind nicht irgendwelche Firmen, die mit Hilfe von Spiegelkraftwerke die Sonnenenergie Afrikas nach Europa bringen wollen. Darunter sind prominente Namen wie die<\/p>\n<p><a class=\"more-link\" href=\"https:\/\/www.christinaschlegl.de\/en\/kategorien\/kultur\/desertec-soll-unsere-energieprobleme-losen\">Read More<\/a><\/p>\n","protected":false},"author":1,"featured_media":0,"comment_status":"open","ping_status":"open","sticky":false,"template":"","format":"standard","meta":{"footnotes":""},"categories":[3],"tags":[83,85,84],"class_list":["post-358","post","type-post","status-publish","format-standard","hentry","category-kultur","tag-desertec","tag-sahara","tag-solarenergie"],"_links":{"self":[{"href":"https:\/\/www.christinaschlegl.de\/en\/wp-json\/wp\/v2\/posts\/358","targetHints":{"allow":["GET"]}}],"collection":[{"href":"https:\/\/www.christinaschlegl.de\/en\/wp-json\/wp\/v2\/posts"}],"about":[{"href":"https:\/\/www.christinaschlegl.de\/en\/wp-json\/wp\/v2\/types\/post"}],"author":[{"embeddable":true,"href":"https:\/\/www.christinaschlegl.de\/en\/wp-json\/wp\/v2\/users\/1"}],"replies":[{"embeddable":true,"href":"https:\/\/www.christinaschlegl.de\/en\/wp-json\/wp\/v2\/comments?post=358"}],"version-history":[{"count":4,"href":"https:\/\/www.christinaschlegl.de\/en\/wp-json\/wp\/v2\/posts\/358\/revisions"}],"predecessor-version":[{"id":362,"href":"https:\/\/www.christinaschlegl.de\/en\/wp-json\/wp\/v2\/posts\/358\/revisions\/362"}],"wp:attachment":[{"href":"https:\/\/www.christinaschlegl.de\/en\/wp-json\/wp\/v2\/media?parent=358"}],"wp:term":[{"taxonomy":"category","embeddable":true,"href":"https:\/\/www.christinaschlegl.de\/en\/wp-json\/wp\/v2\/categories?post=358"},{"taxonomy":"post_tag","embeddable":true,"href":"https:\/\/www.christinaschlegl.de\/en\/wp-json\/wp\/v2\/tags?post=358"}],"curies":[{"name":"wp","href":"https:\/\/api.w.org\/{rel}","templated":true}]}}