{"id":29370,"date":"2022-06-14T18:20:36","date_gmt":"2022-06-14T16:20:36","guid":{"rendered":"https:\/\/www.christinaschlegl.de\/?p=29370"},"modified":"2022-06-15T21:12:51","modified_gmt":"2022-06-15T19:12:51","slug":"sechs-gipfel-bei-bad-hindelang","status":"publish","type":"post","link":"https:\/\/www.christinaschlegl.de\/en\/kategorien\/kultur\/sechs-gipfel-bei-bad-hindelang","title":{"rendered":"Six peaks at Bad Hindelang"},"content":{"rendered":"<p>The Allg\u00e4u is a hikers&#8217; paradise. The village of Bad Hindelang (825 a.a.) located in the Upper Allg\u00e4u is a great starting point for mountain hikes. We climb six peaks in a weak. Thereby we enhance our performance from 1.456 metres to 2000 metres. Next to the Hirschberg (1.456), the Spieser (1.651), the Imberger horn (1.656), the Iseler (1.876) and the Strausberg (1.554) we get on top of the Krinnenspitze (2.000). Besides these mountain peaks we came across some alps. A proper beer or a shandy after a hike is a great finish, as every wanderer knows.<br \/>\n<strong><br \/>\nFirst day\u2019s hike: The Hirschberg<\/strong><br \/>\nRight at the first day luck is on our side. We plan something comfortable as we do not know the level of difficulty of the terrain yet. We are in for a moderate climb onto the Hirschberg. We start directly from our holiday appartment at Bad Oberdorf and walk to the bus terminal of Bad Hindelang. That is the official starting point. At first we walk a bit through the place and then up to the forest. We walk through a wild gorge \u2013 the Hirschbachtobel. Slowly but surely we shoot up. We make us of a first viewpoint and let the environment sink into us.<\/p>\n<p>Having reached the top we grab a bench at first. Then the mandatory peak phot has tob e shot. The summit cross on the Hirschberg is located a little bit underneath of the actual top. From here the perspective is much nicer and allows for an ample view over the Allg\u00e4u alps.<\/p>\n<p><strong>Next station: The Spieser<\/strong><br \/>\nThe summit is well attended this day. Groups of hikers, families and dogs \u2013 the place is busy. After we had enough of the view and sandwiches we are ready for the descent. We have to go up a little bit further at first to the actual peak of the Hirschberg. Following the walk downhill via the north side. At this point we have the possibility to continue to the mountain Spieser. We take a look at the sky. Well the weather is still nice. Therefore we take our chance and move on to our today\u2019s second peak. On the summit however the sky gets overkast and the winds are chilly. That\u2019s why we move on quite speedy and continue to the Klank hut.<\/p>\n<p>After a while we reach the outlook \u201eIfenblick\u201c above Oberjoch. Once again we let our eyes wander across the mountain ranges. Slowly but surely we then start our return path via Oberjoch to Bad Oberdorf.<\/p>\n<p><strong>For the courageous ones: The Imberger Horn<\/strong><br \/>\nOn the second day we plan the ascent onto the Imberger Horn. The weather forecast predicts thunderstorms in the afternoon. We start our tour with bright sunshine. From the village limits of Bad Oberdorf we walk through the wood until we reach the hill station of the Hornbarn Hindelang. We stop by at the tavern \u201eOberes Horn\u201c for something to drink and enjoy the beautiful view. <\/p>\n<p>We follow the signposted path to the Imberger Horn. The route is more narrow and challenging than before. Via some winding roads and at the end some climbing we finally reach the summit. Once you made it you can enjoy a breathtaking panorama view. We allow ourselves for a drinking and eating break before we shoot or summit photo.<br \/>\nFrom the peak we continue via the Strau\u00dfbergsattel to the Strau\u00dfberg itself. From here we have two options to return to Bad Oberdorf: we can choose the path via the Strau\u00dfeberg-Alm and thus return to the hill station of the Hornbahn. Or we chose the route via the Rettenschwenger Tal. We decide on the second option. We pass by the Mitterhaus Alpe and stop there for a beer. Suddenly we see heavy clouds in the sky, it\u2019s time to go back.<\/p>\n<p><strong>Faster than lightening<\/strong><br \/>\nWe still hope to make it dry home. Well it\u2019s not working out. Midway it starts raining. Slightly at first but it gets stronger quite quickly. We are lucky to find some shelter on the way. After a quarter of an hour we move on. We make it to the village boundary of Bad Oberdorf. Then again it starts raining. But we still do not know how lucky we really are. Upon our arrival at the flat it gets darker and darker outside. Suddenly a storm moves in and it rains that heavily that the water just flows down the road. The voluntary fire brigade marches out and tries to prevent the worst. We are stunned by the heavy amount of water.<\/p>\n<p><strong>A fine line: The Iseler<\/strong><br \/>\nMeanwhile we are completely worn in. We dare to tackle some more challenging routes. We take the bus to Overjoch and deboard at the Iseler cable car. We start our tour right at the bottom of the mountain. The start is steep and sweaty. Having reached the intermediate station by foot, we turn left onto the Schmugglerstieg (smuggler\u2019s path). The path connects Germany with Austria. We continue to go up but then do not follow the ridgeway to the summit but continue at first to the Wannen-Jochstadl (tavern).<br \/>\nWe stop for some cold drinks. We think about how to move on. Shall we go to the top? Well, the summit is just an hour away. Let\u2019s give it a try. The descend is not too bad. After a while we hit our inital path, the ridgeway. Sure footedness and nimbleness are a plus on this part.<\/p>\n<p><strong>On the top of physical pleasures<\/strong><br \/>\nOnce we reached the summit all the labor is forgotten. We enjoy a nice break, take some deep breathes and have something to eat. Afterwards we follow the sign to the hill station of the Iselerbahn for descending. However we do not know the cable car is not running. Therefore we hike all the way down to the bottom and rush towards the Gundalpe for some beer.<\/p>\n<p><strong>The three cabin\u2019s walk<\/strong><br \/>\nToday we start our last tour. We feel some melancholy when we start our tour at the Tannheimer Tal close to Nesselw\u00e4ngle. We want to try the \u201e3-cabin\u2019s walk\u201c. A hike that combines three huts with each other: The Krinnenalpe, the Nesselw\u00e4ngler Edenalpe and the Gr\u00e4ner \u00d6denalpe. But, that\u2019s not enough for us: we also climb on top of the Krinnenspitze.<\/p>\n<p>Starting at the ramblers&#8217; car park at Nesselw\u00e4ngle we climb up to the Krinnenalpe. This day will be hot. That\u2019s why we stop for a cold drink. As the next hut, the Nesselw\u00e4ngler Edenalpe, is close to the first one, we just pass by. I suddenly see a signpost telling us that the Krinnenspitze is just an hour away. We give it a try and make a detour via the mountain\u2019s summit to the next cabin. The peak of the Krinnenspitze is really amazing. We are on a height of 2.000 metres. We can see the Haldensee, the Tannheimer Tal and a fantastic mountain range from the top. It is definitely the nicest view we had so far.<\/p>\n<p>We take the Enzianstieg for our descent and turn right into the Alpenrosenweg to reach the Gr\u00e4ner \u00d6denalpe. We indulge ourselves in a long break. The descent is long and quite steep. Finally we almost reach the Krinnenalpe again. At a crossing we turn right onto a narrow and steep path to go back to Nesselw\u00e4ngle. It is an absolute fantastic hike.<\/p>\n<p>Back at Nesselw\u00e4ngle we stop at the Haldensee to say goodbye to Austria<\/p>\n<p><div class=\"gmedia_gallery amron_module is_bot\" id=\"GmediaGallery_1731_1\" data-gmid=\"1731\" data-module=\"amron\"><script type=\"text\/javascript\">\n\t(function() {\n\t\tthis['GmediaGallery_1731_1'] = {\n\t\t\t'settings':{\"collectionThumbRecomendedWidth\":\"260\",\"collectionPreloaderColor\":\"333333\",\"linkTargetWindow\":\"_blank\",\"thumbSpacing\":\"10\",\"tagsFilter\":\"1\",\"tagCloudAll\":\"All\",\"tagCloudTextColor\":\"rgba(0, 0, 0, 1)\",\"tagCloudTextColorOver\":\"rgba(255,255, 255, 1)\",\"tagCloudBgColor\":\"rgba(211, 211, 211, 1)\",\"tagCloudBgColorOver\":\"rgba(11, 11, 11, 1)\",\"collectionThumbHoverColor\":\"rgba(0, 0, 0, .7)\",\"collectionThumbContentBGColor\":\"rgba(245,245,245,1)\",\"collectionThumbTitleShow\":\"1\",\"collectionThumbTitleColor\":\"rgba(0,0,0,1)\",\"collectionThumbFontSize\":\"18\",\"collectionThumbDescriptionShow\":\"1\",\"collectionThumbDescriptionColor\":\"rgba(0,0,0,1)\",\"collectionThumbDescriptionFontSize\":\"15\",\"collectionReadMoreButtonLabel\":\"Read More\",\"collectionReadMoreButtonLabelColor\":\"rgba(255, 255, 255, 1)\",\"collectionReadMoreButtonBGColor\":\"rgba(0, 0, 0, 1)\",\"collectionReadMoreButtonLabelColorHover\":\"rgba(0, 0, 0, 1)\",\"collectionReadMoreButtonBGColorHover\":\"rgba(235,235,235,1)\",\"modaBgColor\":\"rgba(0,0,0,0.9)\",\"modalInfoBoxBgColor\":\"rgba(255,255,255,1)\",\"modalInfoBoxTitleTextColor\":\"000000\",\"modalInfoBoxTextColor\":\"333333\",\"infoBarCountersEnable\":\"1\",\"infoBarDateInfoEnable\":\"1\",\"lightBoxEnable\":\"1\",\"sliderPreloaderColor\":\"ffffff\",\"sliderBgColor\":\"rgba(0,0,0,0.8)\",\"sliderHeaderFooterBgColor\":\"000000\",\"sliderNavigationColor\":\"rgba(0,0,0,1)\",\"sliderNavigationIconColor\":\"rgba(255,255,255,1)\",\"sliderNavigationColorOver\":\"rgba(255,255,255,1)\",\"sliderNavigationIconColorOver\":\"rgba(0,0,0,1)\",\"sliderItemTitleFontSize\":\"24\",\"sliderItemTitleTextColor\":\"ffffff\",\"sliderThumbBarEnable\":\"0\",\"sliderThumbBarHoverColor\":\"ffffff\",\"sliderThumbSubMenuBackgroundColor\":\"rgba(0,0,0,1)\",\"sliderThumbSubMenuBackgroundColorOver\":\"rgba(255,255,255,1)\",\"sliderThumbSubMenuIconColor\":\"rgba(255,255,255,1)\",\"sliderThumbSubMenuIconHoverColor\":\"rgba(0,0,0,1)\",\"sliderInfoEnable\":\"1\",\"sliderItemDownload\":\"1\",\"sliderItemDiscuss\":\"1\",\"sliderSocialShareEnabled\":\"1\",\"sliderLikesEnabled\":\"1\",\"customCSS\":\"\",\"module_url\":\"https:\\\/\\\/www.christinaschlegl.de\\\/wp-content\\\/plugins\\\/grand-media\\\/module\\\/amron\",\"license\":\"\",\"post_url\":\"https:\\\/\\\/www.christinaschlegl.de\\\/en\\\/wp-json\\\/wp\\\/v2\\\/posts\\\/29370\"},\n\t\t\t'appQuery':{\"orderby\":\"custom\",\"order\":\"ASC\",\"album__in\":\"1731\",\"status\":[\"publish\"],\"limit\":100},\n\t\t\t'appApi':\"https:\\\/\\\/www.christinaschlegl.de\\\/en\\\/?gmedia-app=1&gmappversion=4&gmmodule=1\",\n\t\t\t'appInfo':{\"name\":\"Bergwanderungen im Allg\\u00e4u\",\"description\":\"Bergwanderungen im Allg\\u00e4u mit Holger vom 21.5-28.5.2022 auf den Hirschberg, den Spieser, das Imberger Horn, Strausberg, Iseler Spitze und Krinnenspitze.\"}};\n\t})();\n<\/script>\n<\/div><\/p>","protected":false},"excerpt":{"rendered":"<p>The Allg\u00e4u is a hikers&#8217; paradise. The village of Bad Hindelang (825 a.a.) located in the Upper Allg\u00e4u is a great starting point for mountain hikes. We climb six peaks in a weak. Thereby we enhance our performance from 1.456 metres to 2000 metres. Next to the Hirschberg (1.456), the Spieser (1.651), the Imberger horn (1.656), the Iseler (1.876) and<\/p>\n<p><a class=\"more-link\" href=\"https:\/\/www.christinaschlegl.de\/en\/kategorien\/kultur\/sechs-gipfel-bei-bad-hindelang\">Read More<\/a><\/p>\n","protected":false},"author":1,"featured_media":29376,"comment_status":"open","ping_status":"open","sticky":false,"template":"","format":"standard","meta":{"footnotes":""},"categories":[14,3],"tags":[3704,3717,3708,3713,3718,3721,3724,3711,3706,3703,3715,3712,3705,3710,3709,3725,3707,3716,3726,3714,3720,3723,3719,3722],"class_list":["post-29370","post","type-post","status-publish","format-standard","has-post-thumbnail","hentry","category-alltagsgeschichten","category-kultur","tag-allgaeu","tag-alpenrosenkoepfle","tag-bad-hindelang","tag-bad-oberdorf","tag-berggasthaus-zum-oberen-horn","tag-graener-oedenalpe","tag-gundalpe","tag-haldensee","tag-hirsch-alpe","tag-hirschberg","tag-hornbahn-bergstation","tag-ifenblick","tag-imberger-horn","tag-iselerberg","tag-klank-huette","tag-krinnenalpe","tag-krinnenspitze","tag-mitterhaus","tag-nesselwaenger-edenalpe","tag-oberjoch","tag-retterschwenger-tal","tag-schmugglerstieg","tag-strausberg","tag-wannen-jochstadl"],"_links":{"self":[{"href":"https:\/\/www.christinaschlegl.de\/en\/wp-json\/wp\/v2\/posts\/29370","targetHints":{"allow":["GET"]}}],"collection":[{"href":"https:\/\/www.christinaschlegl.de\/en\/wp-json\/wp\/v2\/posts"}],"about":[{"href":"https:\/\/www.christinaschlegl.de\/en\/wp-json\/wp\/v2\/types\/post"}],"author":[{"embeddable":true,"href":"https:\/\/www.christinaschlegl.de\/en\/wp-json\/wp\/v2\/users\/1"}],"replies":[{"embeddable":true,"href":"https:\/\/www.christinaschlegl.de\/en\/wp-json\/wp\/v2\/comments?post=29370"}],"version-history":[{"count":7,"href":"https:\/\/www.christinaschlegl.de\/en\/wp-json\/wp\/v2\/posts\/29370\/revisions"}],"predecessor-version":[{"id":29393,"href":"https:\/\/www.christinaschlegl.de\/en\/wp-json\/wp\/v2\/posts\/29370\/revisions\/29393"}],"wp:featuredmedia":[{"embeddable":true,"href":"https:\/\/www.christinaschlegl.de\/en\/wp-json\/wp\/v2\/media\/29376"}],"wp:attachment":[{"href":"https:\/\/www.christinaschlegl.de\/en\/wp-json\/wp\/v2\/media?parent=29370"}],"wp:term":[{"taxonomy":"category","embeddable":true,"href":"https:\/\/www.christinaschlegl.de\/en\/wp-json\/wp\/v2\/categories?post=29370"},{"taxonomy":"post_tag","embeddable":true,"href":"https:\/\/www.christinaschlegl.de\/en\/wp-json\/wp\/v2\/tags?post=29370"}],"curies":[{"name":"wp","href":"https:\/\/api.w.org\/{rel}","templated":true}]}}