{"id":2868,"date":"2012-03-04T20:43:07","date_gmt":"2012-03-04T18:43:07","guid":{"rendered":"http:\/\/middleeastmessenger.christina-schlegl.de\/?p=2868"},"modified":"2017-12-28T18:05:47","modified_gmt":"2017-12-28T16:05:47","slug":"friedrichs-feldzug","status":"publish","type":"post","link":"https:\/\/www.christinaschlegl.de\/en\/kategorien\/philosophisches\/friedrichs-feldzug","title":{"rendered":"Friedrich&#8217;s crusade"},"content":{"rendered":"<p><\/p>\n<p>Minister of the Interior Friedrich seems to have a mission for his tenure: the crusade against Muslim none-integrable citizens of Germany. Already upon his taking over of the ministery almost exactly <a href=\"http:\/\/de.wikipedia.org\/wiki\/Hans-Peter_Friedrich\" title=\"Wikipedia: Hans-Peter Friedrich\" target=\"_blank\"> one year ago<\/a> he chanted that &#8220;Islam does not belong to Germany &#8211; historically seen&#8221;. At that time he replied to a comment by former Federal President Christian Wulff. He comment was aired on the anniversary of the German unity in 2010, when Wulff asserted that &#8220;Islam belongs to Germany meanwhile&#8221;. <\/p>\n<p><p>Friedrich previously astonished people with commts such as <a href=\"http:\/\/www.n-tv.de\/ticker\/Computer\/Friedrich-Internet-darf-nicht-gesetzlos-werden-article4024496.html\" title=\"Friedrich + Internet\" target=\"_blank\">the Internet should not remain lawless<\/a>&#8221; and recently with his recommendation for <a href=\"http:\/\/www.spiegel.de\/politik\/deutschland\/0,1518,817567,00.html\" title=\"Friedrich und Griechenland\" target=\"_blank\">Greece to leave the Euro-Zone.<\/a><\/p>\n<p>No doubt: Interior minister Hans-Peter Friedrich is a &#8216;particular case&#8217;. That he is supposingly at war with Islam already became obvious at last year&#8217;s <a href=\"http:\/\/www.spiegel.de\/politik\/deutschland\/0,1518,753527,00.html\" title=\"Friedrich + Islamkonferenz\" target=\"_blank\">Islam Conference<\/a>. According to an article published by Spiegel Online on March, 5th, 2011 Friedrich is quoted that two things are a prerequisite to a successful integration: <a href=\"http:\/\/www.spiegel.de\/politik\/deutschland\/0,1518,749298,00.html\" title=\"Friedrich+Islam\" target=\"_blank\">&#8220;Successfull integration calls for two things: Knowledge of the societal reality in Germany &#8211; to which about four million Muslims are part of &#8211; and an explicit awareness of the christian-occidental heritage of our culture.&#8221;<\/a> How deeply rooted this christian-occidental cultural heritage really is within the German population and to what extent people are aware of it must be a very interesting empirical undertaking.<\/p>\n<p>K\u00fcrzlich hat Friedrich ein neues Kapitel seiner Islamophobie aufgeschlagen. In einer von seinem Ministerium in Auftrag gegebenen <a href=\"http:\/\/www.spiegel.de\/politik\/deutschland\/0,1518,818715,00.html\" title=\"Friedrich+Studie\" target=\"_blank\">Studie<\/a>, will er eine verst\u00e4rkte Radikalisierung unter jungen Muslimen festgestellt haben. &#8220;<a href=\"http:\/\/www.spiegel.de\/politik\/deutschland\/0,1518,818715,00.html\" title=\"Stunde der Angstmacher\" target=\"_blank\">Stunde der Angstmacher<\/a>&#8221; titelte Spiegel Online folgerichtig nach Erscheinen des Papiers. Seit Donnerstag ist die Studie auf den Seiten des <a href=\"http:\/\/www.bmi.bund.de\/SharedDocs\/Downloads\/DE\/Broschueren\/2012\/junge_muslime.pdf?__blob=publicationFile\" title=\"Lebenswelt junger Muslime in Deutschland\" target=\"_blank\">Bundesministerium des Inneren<\/a> online verf\u00fcgbar.<\/p>\n<p>Gl\u00fccklicherweise gibt es gleich zahlreiche kritische Stimmen, auch aus <a href=\"http:\/\/www.wissen.de\/wde\/generator\/wissen\/services\/nachrichten\/ftd\/PW\/60176424.html\" title=\"Kritische Stimmen zur Studie\" target=\"_blank\">politischen Kreisen.<\/a> Differenzierung ist also m\u00f6glich. Bleibt die Frage, was mit einer solchen Studie bzw. mit der Art, wie sie verkauft wird, gewonnen ist? &#8220;<a href=\"http:\/\/www.goethe.de\/lhr\/prj\/daz\/mag\/igd\/de7039243.htm\" title=\"Den Islam zeitgem\u00e4\u00df interpretieren\" target=\"_blank\">Den Islam zeitgem\u00e4\u00df interpretieren<\/a>&#8220;, wie das Goethe-Institut titelte, mag eine M\u00f6glichkeit zur Ann\u00e4hrung sein. Eine andere vielleicht, Mensch und Religion zu trennen: Egal ob Christ, Jude, Muslim oder Hindu. Zun\u00e4chst ist ein Mensch ein Mensch. Ein Mensch, dessen W\u00fcrde bekanntlich in unserem Land unantastbar ist.<\/p>\n<p>Just recently, i.e. last week, Friedrich added another chapter to this Islamophobia. In a study on the authority of his <a href=\"http:\/\/www.spiegel.de\/politik\/deutschland\/0,1518,818715,00.html\" title=\"Friedrich+Studie\" target=\"_blank\">ministry<\/a>, he claims to have found hints on the increased radicalization among young Muslims. &#8220;<a href=\"http:\/\/www.spiegel.de\/politik\/deutschland\/0,1518,818715,00.html\" title=\"Stunde der Angstmacher\" target=\"_blank\">moment of the scare mongers<\/a>&#8221; Spiegel Online titled consequently after publication of the study. Since last thursday the study can be downloaded on the pages of <a href=\"http:\/\/www.bmi.bund.de\/SharedDocs\/Downloads\/DE\/Broschueren\/2012\/junge_muslime.pdf?__blob=publicationFile\" title=\"Lebenswelt junger Muslime in Deutschland\" target=\"_blank\">the Federal Minstry of the Interior.<\/a><\/p>\n<p>Fortunately there are several critical voices also from the political camp <a href=\"http:\/\/www.wissen.de\/wde\/generator\/wissen\/services\/nachrichten\/ftd\/PW\/60176424.html\" title=\"Critical voices towards the study\" target=\"_blank\"><\/a>. Differentiation seems to be possible. The question remains as to whether what is the benefit of such a paper? &#8220;<a href=\"http:\/\/www.goethe.de\/lhr\/prj\/daz\/mag\/igd\/de7039243.htm\" title=\"Den Islam zeitgem\u00e4\u00df interpretieren\" target=\"_blank\">To interpret Islam contemporarely<\/a>&#8220;, as the Goethe-Institut indexed by title may be a possibility towards rapprochement. Another one maybe to distinguish between person and religion: no matter whether Christian,  Jew, Muslim or Hindu. In the first instance a person is a person. A person whose dignity is generally known as untouchable in our country.<\/p>\n<p><\/p>","protected":false},"excerpt":{"rendered":"<p>Minister of the Interior Friedrich seems to have a mission for his tenure: the crusade against Muslim none-integrable citizens of Germany. Already upon his taking over of the ministery almost exactly one year ago he chanted that &#8220;Islam does not belong to Germany &#8211; historically seen&#8221;. At that time he replied to a comment by former Federal President Christian Wulff.<\/p>\n<p><a class=\"more-link\" href=\"https:\/\/www.christinaschlegl.de\/en\/kategorien\/philosophisches\/friedrichs-feldzug\">Read More<\/a><\/p>\n","protected":false},"author":1,"featured_media":0,"comment_status":"open","ping_status":"open","sticky":false,"template":"","format":"standard","meta":{"footnotes":""},"categories":[6],"tags":[792,790,791],"class_list":["post-2868","post","type-post","status-publish","format-standard","hentry","category-philosophisches","tag-feldzug","tag-innenminister-friedrich","tag-islamsstudie"],"_links":{"self":[{"href":"https:\/\/www.christinaschlegl.de\/en\/wp-json\/wp\/v2\/posts\/2868","targetHints":{"allow":["GET"]}}],"collection":[{"href":"https:\/\/www.christinaschlegl.de\/en\/wp-json\/wp\/v2\/posts"}],"about":[{"href":"https:\/\/www.christinaschlegl.de\/en\/wp-json\/wp\/v2\/types\/post"}],"author":[{"embeddable":true,"href":"https:\/\/www.christinaschlegl.de\/en\/wp-json\/wp\/v2\/users\/1"}],"replies":[{"embeddable":true,"href":"https:\/\/www.christinaschlegl.de\/en\/wp-json\/wp\/v2\/comments?post=2868"}],"version-history":[{"count":19,"href":"https:\/\/www.christinaschlegl.de\/en\/wp-json\/wp\/v2\/posts\/2868\/revisions"}],"predecessor-version":[{"id":11970,"href":"https:\/\/www.christinaschlegl.de\/en\/wp-json\/wp\/v2\/posts\/2868\/revisions\/11970"}],"wp:attachment":[{"href":"https:\/\/www.christinaschlegl.de\/en\/wp-json\/wp\/v2\/media?parent=2868"}],"wp:term":[{"taxonomy":"category","embeddable":true,"href":"https:\/\/www.christinaschlegl.de\/en\/wp-json\/wp\/v2\/categories?post=2868"},{"taxonomy":"post_tag","embeddable":true,"href":"https:\/\/www.christinaschlegl.de\/en\/wp-json\/wp\/v2\/tags?post=2868"}],"curies":[{"name":"wp","href":"https:\/\/api.w.org\/{rel}","templated":true}]}}